{"id":827,"date":"2014-10-11T23:36:58","date_gmt":"2014-10-11T21:36:58","guid":{"rendered":"http:\/\/fabijennas-seeleninsel.de\/wordpress\/?p=827"},"modified":"2015-02-19T14:48:58","modified_gmt":"2015-02-19T12:48:58","slug":"die-kraft-der-sonne","status":"publish","type":"post","link":"https:\/\/fabijennas-seeleninsel.de\/wordpress\/die-kraft-der-sonne\/","title":{"rendered":"Die Kraft der Sonne."},"content":{"rendered":"<p>Energiestein: Die Kraft der Sonne.<br \/>\nWie wundervoll ist es wenn sonnenstrahlen tanzen auf unserer Haut. Unsere Haut wird gek\u00fcsst, gestreichelt und wir sind mit kraftvoller Energie aufgeladen.<br \/>\nM\u00f6chtest du auch zu hause deine eigene Sonne haben? Mit viel liebe und Unterst\u00fctzung von oben habe ich f\u00fcr dich diese Sonne gemalt.<br \/>\nGr\u00f6\u00dfe: Gro\u00dferstein: 9,5 cm<br \/>\n6 st\u00fcck kleine Steine: 3cm-4,5cm<\/p>\n<p>Energieausgleich 46 Euro<\/p>\n<p><a href=\"http:\/\/fabijennas-seeleninsel.de\/wordpress\/wp-content\/uploads\/2014\/10\/10291101_714415025304134_5650062871985318445_n.jpg\"><img loading=\"lazy\" class=\"alignnone size-medium wp-image-828\" src=\"http:\/\/fabijennas-seeleninsel.de\/wordpress\/wp-content\/uploads\/2014\/10\/10291101_714415025304134_5650062871985318445_n-300x247.jpg\" alt=\"10291101_714415025304134_5650062871985318445_n\" width=\"300\" height=\"247\" \/><\/a><\/p>\n<p>&nbsp;<\/p>\n<p>&nbsp;<\/p>\n","protected":false},"excerpt":{"rendered":"<p>Energiestein: Die Kraft der Sonne. Wie wundervoll ist es wenn sonnenstrahlen tanzen auf unserer Haut. Unsere Haut wird gek\u00fcsst, gestreichelt und wir sind mit kraftvoller Energie aufgeladen. M\u00f6chtest du auch zu hause deine eigene Sonne haben? Mit viel liebe und Unterst\u00fctzung von oben habe ich f\u00fcr dich diese Sonne gemalt. Gr\u00f6\u00dfe: Gro\u00dferstein: 9,5 cm 6 [&hellip;]<\/p>\n","protected":false},"author":3,"featured_media":828,"comment_status":"closed","ping_status":"open","sticky":false,"template":"","format":"standard","meta":{"_et_pb_use_builder":"","_et_pb_old_content":"","_et_gb_content_width":""},"categories":[14],"tags":[],"_links":{"self":[{"href":"https:\/\/fabijennas-seeleninsel.de\/wordpress\/wp-json\/wp\/v2\/posts\/827"}],"collection":[{"href":"https:\/\/fabijennas-seeleninsel.de\/wordpress\/wp-json\/wp\/v2\/posts"}],"about":[{"href":"https:\/\/fabijennas-seeleninsel.de\/wordpress\/wp-json\/wp\/v2\/types\/post"}],"author":[{"embeddable":true,"href":"https:\/\/fabijennas-seeleninsel.de\/wordpress\/wp-json\/wp\/v2\/users\/3"}],"replies":[{"embeddable":true,"href":"https:\/\/fabijennas-seeleninsel.de\/wordpress\/wp-json\/wp\/v2\/comments?post=827"}],"version-history":[{"count":1,"href":"https:\/\/fabijennas-seeleninsel.de\/wordpress\/wp-json\/wp\/v2\/posts\/827\/revisions"}],"predecessor-version":[{"id":829,"href":"https:\/\/fabijennas-seeleninsel.de\/wordpress\/wp-json\/wp\/v2\/posts\/827\/revisions\/829"}],"wp:featuredmedia":[{"embeddable":true,"href":"https:\/\/fabijennas-seeleninsel.de\/wordpress\/wp-json\/wp\/v2\/media\/828"}],"wp:attachment":[{"href":"https:\/\/fabijennas-seeleninsel.de\/wordpress\/wp-json\/wp\/v2\/media?parent=827"}],"wp:term":[{"taxonomy":"category","embeddable":true,"href":"https:\/\/fabijennas-seeleninsel.de\/wordpress\/wp-json\/wp\/v2\/categories?post=827"},{"taxonomy":"post_tag","embeddable":true,"href":"https:\/\/fabijennas-seeleninsel.de\/wordpress\/wp-json\/wp\/v2\/tags?post=827"}],"curies":[{"name":"wp","href":"https:\/\/api.w.org\/{rel}","templated":true}]}}