{"id":834,"date":"2014-10-13T16:46:14","date_gmt":"2014-10-13T14:46:14","guid":{"rendered":"http:\/\/fabijennas-seeleninsel.de\/wordpress\/?p=834"},"modified":"2015-02-19T14:46:24","modified_gmt":"2015-02-19T12:46:24","slug":"erzengel-raphael","status":"publish","type":"post","link":"https:\/\/fabijennas-seeleninsel.de\/wordpress\/erzengel-raphael\/","title":{"rendered":"Erzengel Raphael"},"content":{"rendered":"<p><a href=\"http:\/\/fabijennas-seeleninsel.de\/wordpress\/wp-content\/uploads\/2014\/10\/10592734_709650372447266_3771283860601645398_n.jpg\"><img loading=\"lazy\" class=\"alignnone size-medium wp-image-835\" src=\"http:\/\/fabijennas-seeleninsel.de\/wordpress\/wp-content\/uploads\/2014\/10\/10592734_709650372447266_3771283860601645398_n-300x225.jpg\" alt=\"10592734_709650372447266_3771283860601645398_n\" width=\"300\" height=\"225\" \/><\/a><\/p>\n<p>&nbsp;<\/p>\n<p>Engelstein: Erzengel Raphael.<br \/>\nRaphael bedeutet Gott heilt.<br \/>\nRaphael ist Engel der Heilung, der Einheit und der Ganzheit.<br \/>\nErzengel Raphael f\u00f6rdert die seelische, Geistige und k\u00f6rperliche heilung und bringt Einheit ins Leben.<br \/>\nFlu\u00dfsteingr\u00f6\u00dfe: 8cmx7cm<br \/>\nIst bereits vergeben<\/p>\n","protected":false},"excerpt":{"rendered":"<p>&nbsp; Engelstein: Erzengel Raphael. Raphael bedeutet Gott heilt. Raphael ist Engel der Heilung, der Einheit und der Ganzheit. Erzengel Raphael f\u00f6rdert die seelische, Geistige und k\u00f6rperliche heilung und bringt Einheit ins Leben. Flu\u00dfsteingr\u00f6\u00dfe: 8cmx7cm Ist bereits vergeben<\/p>\n","protected":false},"author":3,"featured_media":835,"comment_status":"closed","ping_status":"open","sticky":false,"template":"","format":"standard","meta":{"_et_pb_use_builder":"","_et_pb_old_content":"","_et_gb_content_width":""},"categories":[14],"tags":[],"_links":{"self":[{"href":"https:\/\/fabijennas-seeleninsel.de\/wordpress\/wp-json\/wp\/v2\/posts\/834"}],"collection":[{"href":"https:\/\/fabijennas-seeleninsel.de\/wordpress\/wp-json\/wp\/v2\/posts"}],"about":[{"href":"https:\/\/fabijennas-seeleninsel.de\/wordpress\/wp-json\/wp\/v2\/types\/post"}],"author":[{"embeddable":true,"href":"https:\/\/fabijennas-seeleninsel.de\/wordpress\/wp-json\/wp\/v2\/users\/3"}],"replies":[{"embeddable":true,"href":"https:\/\/fabijennas-seeleninsel.de\/wordpress\/wp-json\/wp\/v2\/comments?post=834"}],"version-history":[{"count":2,"href":"https:\/\/fabijennas-seeleninsel.de\/wordpress\/wp-json\/wp\/v2\/posts\/834\/revisions"}],"predecessor-version":[{"id":946,"href":"https:\/\/fabijennas-seeleninsel.de\/wordpress\/wp-json\/wp\/v2\/posts\/834\/revisions\/946"}],"wp:featuredmedia":[{"embeddable":true,"href":"https:\/\/fabijennas-seeleninsel.de\/wordpress\/wp-json\/wp\/v2\/media\/835"}],"wp:attachment":[{"href":"https:\/\/fabijennas-seeleninsel.de\/wordpress\/wp-json\/wp\/v2\/media?parent=834"}],"wp:term":[{"taxonomy":"category","embeddable":true,"href":"https:\/\/fabijennas-seeleninsel.de\/wordpress\/wp-json\/wp\/v2\/categories?post=834"},{"taxonomy":"post_tag","embeddable":true,"href":"https:\/\/fabijennas-seeleninsel.de\/wordpress\/wp-json\/wp\/v2\/tags?post=834"}],"curies":[{"name":"wp","href":"https:\/\/api.w.org\/{rel}","templated":true}]}}