{"id":922,"date":"2015-02-19T09:45:24","date_gmt":"2015-02-19T07:45:24","guid":{"rendered":"http:\/\/fabijennas-seeleninsel.de\/wordpress\/?p=922"},"modified":"2015-02-19T14:35:09","modified_gmt":"2015-02-19T12:35:09","slug":"922","status":"publish","type":"post","link":"https:\/\/fabijennas-seeleninsel.de\/wordpress\/922\/","title":{"rendered":"Kraft\/Energiestein : Die Prana Schlange"},"content":{"rendered":"<p><a href=\"http:\/\/fabijennas-seeleninsel.de\/wordpress\/wp-content\/uploads\/2015\/02\/10891922_772128392866130_8492537397864123697_n-2.jpg\"><img loading=\"lazy\" class=\"alignnone size-medium wp-image-923\" src=\"http:\/\/fabijennas-seeleninsel.de\/wordpress\/wp-content\/uploads\/2015\/02\/10891922_772128392866130_8492537397864123697_n-2-480x480.jpg\" alt=\"10891922_772128392866130_8492537397864123697_n-2\" width=\"480\" height=\"480\" srcset=\"https:\/\/fabijennas-seeleninsel.de\/wordpress\/wp-content\/uploads\/2015\/02\/10891922_772128392866130_8492537397864123697_n-2-480x480.jpg 480w, https:\/\/fabijennas-seeleninsel.de\/wordpress\/wp-content\/uploads\/2015\/02\/10891922_772128392866130_8492537397864123697_n-2-300x300.jpg 300w, https:\/\/fabijennas-seeleninsel.de\/wordpress\/wp-content\/uploads\/2015\/02\/10891922_772128392866130_8492537397864123697_n-2-240x240.jpg 240w, https:\/\/fabijennas-seeleninsel.de\/wordpress\/wp-content\/uploads\/2015\/02\/10891922_772128392866130_8492537397864123697_n-2-96x96.jpg 96w, https:\/\/fabijennas-seeleninsel.de\/wordpress\/wp-content\/uploads\/2015\/02\/10891922_772128392866130_8492537397864123697_n-2-121x121.jpg 121w, https:\/\/fabijennas-seeleninsel.de\/wordpress\/wp-content\/uploads\/2015\/02\/10891922_772128392866130_8492537397864123697_n-2-60x60.jpg 60w, https:\/\/fabijennas-seeleninsel.de\/wordpress\/wp-content\/uploads\/2015\/02\/10891922_772128392866130_8492537397864123697_n-2-184x184.jpg 184w, https:\/\/fabijennas-seeleninsel.de\/wordpress\/wp-content\/uploads\/2015\/02\/10891922_772128392866130_8492537397864123697_n-2-800x800.jpg 800w, https:\/\/fabijennas-seeleninsel.de\/wordpress\/wp-content\/uploads\/2015\/02\/10891922_772128392866130_8492537397864123697_n-2.jpg 960w\" sizes=\"(max-width: 480px) 100vw, 480px\" \/><\/a> <a href=\"http:\/\/fabijennas-seeleninsel.de\/wordpress\/wp-content\/uploads\/2015\/02\/10898195_772210562857913_1255368033779543125_n.jpg\"><img loading=\"lazy\" class=\"alignnone size-medium wp-image-924\" src=\"http:\/\/fabijennas-seeleninsel.de\/wordpress\/wp-content\/uploads\/2015\/02\/10898195_772210562857913_1255368033779543125_n-360x480.jpg\" alt=\"10898195_772210562857913_1255368033779543125_n\" width=\"360\" height=\"480\" srcset=\"https:\/\/fabijennas-seeleninsel.de\/wordpress\/wp-content\/uploads\/2015\/02\/10898195_772210562857913_1255368033779543125_n-360x480.jpg 360w, https:\/\/fabijennas-seeleninsel.de\/wordpress\/wp-content\/uploads\/2015\/02\/10898195_772210562857913_1255368033779543125_n-600x800.jpg 600w, https:\/\/fabijennas-seeleninsel.de\/wordpress\/wp-content\/uploads\/2015\/02\/10898195_772210562857913_1255368033779543125_n.jpg 720w\" sizes=\"(max-width: 360px) 100vw, 360px\" \/><\/a>Kraft\/Energiestein : Die Prana Schlange<br \/>\nDie Schlange symbolisiert unsere geistige-spirituelle Energie, die unten an der Wirbels\u00e4ule schlummert und darauf wartet, geweckt zu werden.<br \/>\nDie Schlange steht f\u00fcr die weibliche Gottheit, die das gro\u00dfe Wissen um den Ursprung der Menschheit besitzen.<br \/>\nDieSchlange fordert dich sie zum erwecken und sie hoch steigen zu lassen durch alle Deine Chakren. Sie reinigt dich von allen Giften und Blokaden die sich in deinen Chakren befinden. Du wirst dich vital, voller Kraft und Energie f\u00fchlen und du bekommst ein klares Bewusstsein.<\/p>\n<p>Der Flussstein ist vom beiden Seiten bemalt. Die Schlange ist liebevoll verpackt im einem selbstgen\u00e4hten S\u00e4ckchen aus Kunstleder mit Strasssteinchen beklebt und mit einer sch\u00f6n gestaltenden Schleife zusammen gebunden.<br \/>\nF\u00fcr die F\u00fchrung danke ich meinen Geistigen Helfer.<br \/>\nSteingr\u00f6\u00dfe: 18,5 x 9,5 cm<br \/>\nEnergieausgleich 65 Euro<\/p>\n","protected":false},"excerpt":{"rendered":"<p>Kraft\/Energiestein : Die Prana Schlange Die Schlange symbolisiert unsere geistige-spirituelle Energie, die unten an der Wirbels\u00e4ule schlummert und darauf wartet, geweckt zu werden. Die Schlange steht f\u00fcr die weibliche Gottheit, die das gro\u00dfe Wissen um den Ursprung der Menschheit besitzen. DieSchlange fordert dich sie zum erwecken und sie hoch steigen zu lassen durch alle Deine [&hellip;]<\/p>\n","protected":false},"author":3,"featured_media":923,"comment_status":"closed","ping_status":"open","sticky":false,"template":"","format":"standard","meta":{"_et_pb_use_builder":"","_et_pb_old_content":"","_et_gb_content_width":""},"categories":[14],"tags":[],"_links":{"self":[{"href":"https:\/\/fabijennas-seeleninsel.de\/wordpress\/wp-json\/wp\/v2\/posts\/922"}],"collection":[{"href":"https:\/\/fabijennas-seeleninsel.de\/wordpress\/wp-json\/wp\/v2\/posts"}],"about":[{"href":"https:\/\/fabijennas-seeleninsel.de\/wordpress\/wp-json\/wp\/v2\/types\/post"}],"author":[{"embeddable":true,"href":"https:\/\/fabijennas-seeleninsel.de\/wordpress\/wp-json\/wp\/v2\/users\/3"}],"replies":[{"embeddable":true,"href":"https:\/\/fabijennas-seeleninsel.de\/wordpress\/wp-json\/wp\/v2\/comments?post=922"}],"version-history":[{"count":2,"href":"https:\/\/fabijennas-seeleninsel.de\/wordpress\/wp-json\/wp\/v2\/posts\/922\/revisions"}],"predecessor-version":[{"id":944,"href":"https:\/\/fabijennas-seeleninsel.de\/wordpress\/wp-json\/wp\/v2\/posts\/922\/revisions\/944"}],"wp:featuredmedia":[{"embeddable":true,"href":"https:\/\/fabijennas-seeleninsel.de\/wordpress\/wp-json\/wp\/v2\/media\/923"}],"wp:attachment":[{"href":"https:\/\/fabijennas-seeleninsel.de\/wordpress\/wp-json\/wp\/v2\/media?parent=922"}],"wp:term":[{"taxonomy":"category","embeddable":true,"href":"https:\/\/fabijennas-seeleninsel.de\/wordpress\/wp-json\/wp\/v2\/categories?post=922"},{"taxonomy":"post_tag","embeddable":true,"href":"https:\/\/fabijennas-seeleninsel.de\/wordpress\/wp-json\/wp\/v2\/tags?post=922"}],"curies":[{"name":"wp","href":"https:\/\/api.w.org\/{rel}","templated":true}]}}