{"id":926,"date":"2015-02-19T10:01:17","date_gmt":"2015-02-19T08:01:17","guid":{"rendered":"http:\/\/fabijennas-seeleninsel.de\/wordpress\/?p=926"},"modified":"2015-02-19T14:11:10","modified_gmt":"2015-02-19T12:11:10","slug":"kraftier-pfau","status":"publish","type":"post","link":"https:\/\/fabijennas-seeleninsel.de\/wordpress\/kraftier-pfau\/","title":{"rendered":"Kraftier Pfau"},"content":{"rendered":"<p>Der Pfau gilt weltweit als das Symbolische Tier f\u00fcr Sch\u00f6nheit und Macht.<br \/>\nLasse deine Sch\u00f6nheit strahlen wie der Pfau und hole dir deine spirituelle Macht zur\u00fcck.<br \/>\nDer Kraftstein ist liebevoll verpackt in einem selbstgen\u00e4hten S\u00e4ckchen und mit einer sch\u00f6n gestaltenden Schleife zusammen gebunden. (mit Pfaufeder)<br \/>\nEnergieausgleich: 45<a href=\"http:\/\/fabijennas-seeleninsel.de\/wordpress\/wp-content\/uploads\/2015\/02\/10422560_773114626100840_383853112675903862_n.jpg\"><img loading=\"lazy\" class=\"alignnone size-medium wp-image-927\" src=\"http:\/\/fabijennas-seeleninsel.de\/wordpress\/wp-content\/uploads\/2015\/02\/10422560_773114626100840_383853112675903862_n-561x480.jpg\" alt=\"10422560_773114626100840_383853112675903862_n\" width=\"561\" height=\"480\" srcset=\"https:\/\/fabijennas-seeleninsel.de\/wordpress\/wp-content\/uploads\/2015\/02\/10422560_773114626100840_383853112675903862_n-561x480.jpg 561w, https:\/\/fabijennas-seeleninsel.de\/wordpress\/wp-content\/uploads\/2015\/02\/10422560_773114626100840_383853112675903862_n-800x684.jpg 800w, https:\/\/fabijennas-seeleninsel.de\/wordpress\/wp-content\/uploads\/2015\/02\/10422560_773114626100840_383853112675903862_n.jpg 960w\" sizes=\"(max-width: 561px) 100vw, 561px\" \/><\/a> <a href=\"http:\/\/fabijennas-seeleninsel.de\/wordpress\/wp-content\/uploads\/2015\/02\/10906309_773114672767502_3358981366456042088_n.jpg\"><img loading=\"lazy\" class=\"alignnone size-medium wp-image-928\" src=\"http:\/\/fabijennas-seeleninsel.de\/wordpress\/wp-content\/uploads\/2015\/02\/10906309_773114672767502_3358981366456042088_n-525x480.jpg\" alt=\"10906309_773114672767502_3358981366456042088_n\" width=\"525\" height=\"480\" srcset=\"https:\/\/fabijennas-seeleninsel.de\/wordpress\/wp-content\/uploads\/2015\/02\/10906309_773114672767502_3358981366456042088_n-525x480.jpg 525w, https:\/\/fabijennas-seeleninsel.de\/wordpress\/wp-content\/uploads\/2015\/02\/10906309_773114672767502_3358981366456042088_n-800x732.jpg 800w, https:\/\/fabijennas-seeleninsel.de\/wordpress\/wp-content\/uploads\/2015\/02\/10906309_773114672767502_3358981366456042088_n.jpg 960w\" sizes=\"(max-width: 525px) 100vw, 525px\" \/><\/a> Euro<\/p>\n","protected":false},"excerpt":{"rendered":"<p>Der Pfau gilt weltweit als das Symbolische Tier f\u00fcr Sch\u00f6nheit und Macht. Lasse deine Sch\u00f6nheit strahlen wie der Pfau und hole dir deine spirituelle Macht zur\u00fcck. Der Kraftstein ist liebevoll verpackt in einem selbstgen\u00e4hten S\u00e4ckchen und mit einer sch\u00f6n gestaltenden Schleife zusammen gebunden. (mit Pfaufeder) Energieausgleich: 45 Euro<\/p>\n","protected":false},"author":3,"featured_media":927,"comment_status":"closed","ping_status":"open","sticky":false,"template":"","format":"standard","meta":{"_et_pb_use_builder":"","_et_pb_old_content":"","_et_gb_content_width":""},"categories":[14],"tags":[],"_links":{"self":[{"href":"https:\/\/fabijennas-seeleninsel.de\/wordpress\/wp-json\/wp\/v2\/posts\/926"}],"collection":[{"href":"https:\/\/fabijennas-seeleninsel.de\/wordpress\/wp-json\/wp\/v2\/posts"}],"about":[{"href":"https:\/\/fabijennas-seeleninsel.de\/wordpress\/wp-json\/wp\/v2\/types\/post"}],"author":[{"embeddable":true,"href":"https:\/\/fabijennas-seeleninsel.de\/wordpress\/wp-json\/wp\/v2\/users\/3"}],"replies":[{"embeddable":true,"href":"https:\/\/fabijennas-seeleninsel.de\/wordpress\/wp-json\/wp\/v2\/comments?post=926"}],"version-history":[{"count":1,"href":"https:\/\/fabijennas-seeleninsel.de\/wordpress\/wp-json\/wp\/v2\/posts\/926\/revisions"}],"predecessor-version":[{"id":929,"href":"https:\/\/fabijennas-seeleninsel.de\/wordpress\/wp-json\/wp\/v2\/posts\/926\/revisions\/929"}],"wp:featuredmedia":[{"embeddable":true,"href":"https:\/\/fabijennas-seeleninsel.de\/wordpress\/wp-json\/wp\/v2\/media\/927"}],"wp:attachment":[{"href":"https:\/\/fabijennas-seeleninsel.de\/wordpress\/wp-json\/wp\/v2\/media?parent=926"}],"wp:term":[{"taxonomy":"category","embeddable":true,"href":"https:\/\/fabijennas-seeleninsel.de\/wordpress\/wp-json\/wp\/v2\/categories?post=926"},{"taxonomy":"post_tag","embeddable":true,"href":"https:\/\/fabijennas-seeleninsel.de\/wordpress\/wp-json\/wp\/v2\/tags?post=926"}],"curies":[{"name":"wp","href":"https:\/\/api.w.org\/{rel}","templated":true}]}}