{"id":962,"date":"2015-02-19T16:41:09","date_gmt":"2015-02-19T14:41:09","guid":{"rendered":"http:\/\/fabijennas-seeleninsel.de\/wordpress\/?p=962"},"modified":"2015-02-19T16:46:55","modified_gmt":"2015-02-19T14:46:55","slug":"962","status":"publish","type":"post","link":"https:\/\/fabijennas-seeleninsel.de\/wordpress\/962\/","title":{"rendered":"Kraftstein: Der wei\u00dfe Hirsch"},"content":{"rendered":"<p><a href=\"http:\/\/fabijennas-seeleninsel.de\/wordpress\/wp-content\/uploads\/2015\/02\/10906533_781134355298867_6862014587313117634_n.jpg\"><img loading=\"lazy\" class=\"alignnone size-medium wp-image-966\" src=\"http:\/\/fabijennas-seeleninsel.de\/wordpress\/wp-content\/uploads\/2015\/02\/10906533_781134355298867_6862014587313117634_n-640x480.jpg\" alt=\"10906533_781134355298867_6862014587313117634_n\" width=\"640\" height=\"480\" srcset=\"https:\/\/fabijennas-seeleninsel.de\/wordpress\/wp-content\/uploads\/2015\/02\/10906533_781134355298867_6862014587313117634_n-640x480.jpg 640w, https:\/\/fabijennas-seeleninsel.de\/wordpress\/wp-content\/uploads\/2015\/02\/10906533_781134355298867_6862014587313117634_n-800x600.jpg 800w, https:\/\/fabijennas-seeleninsel.de\/wordpress\/wp-content\/uploads\/2015\/02\/10906533_781134355298867_6862014587313117634_n.jpg 960w\" sizes=\"(max-width: 640px) 100vw, 640px\" \/><\/a> <a href=\"http:\/\/fabijennas-seeleninsel.de\/wordpress\/wp-content\/uploads\/2015\/02\/10915256_781134388632197_6287214637997738403_n.jpg\"><img loading=\"lazy\" class=\"alignnone size-medium wp-image-967\" src=\"http:\/\/fabijennas-seeleninsel.de\/wordpress\/wp-content\/uploads\/2015\/02\/10915256_781134388632197_6287214637997738403_n-640x480.jpg\" alt=\"10915256_781134388632197_6287214637997738403_n\" width=\"640\" height=\"480\" srcset=\"https:\/\/fabijennas-seeleninsel.de\/wordpress\/wp-content\/uploads\/2015\/02\/10915256_781134388632197_6287214637997738403_n-640x480.jpg 640w, https:\/\/fabijennas-seeleninsel.de\/wordpress\/wp-content\/uploads\/2015\/02\/10915256_781134388632197_6287214637997738403_n-800x600.jpg 800w, https:\/\/fabijennas-seeleninsel.de\/wordpress\/wp-content\/uploads\/2015\/02\/10915256_781134388632197_6287214637997738403_n.jpg 960w\" sizes=\"(max-width: 640px) 100vw, 640px\" \/><\/a><\/p>\n<p>&nbsp;<\/p>\n<p>Kraftstein: Der wei\u00dfe Hirsch<br \/>\nIch bin der K\u00f6nig des Waldes und der Torh\u00fctter der Anderswelt.<br \/>\nIch trage die Sonne auf meinem Geweih und verbinde den Himmel mit der Erde. Ich bin der Tr\u00e4ger der Weisheit, zeige dir wie du auf deine innere Stimme h\u00f6ren kannst und wie du unterscheidest was dein Herz oder was dein Ego sagt.<br \/>\nIch bin zu dir gekommen um dich aufzufordern mutig in dein Herz zu schauen und die Wunden und die Verletzungen die schon lange in deinem Herzen schmerzen zu heilen<br \/>\nIch verbinde dich mit deiner Seele um dir zu zeigen wer du wirklich bist.<br \/>\nIch zeige dir wie du wieder zur Ruhe kommen kannst und wie du regenerieren kannst wenn du wieder energielos und ersch\u00f6pft bist. Ich bin der K\u00f6nig des Waldes und gehe mir gehobenen Haupte an deiner Seite<\/p>\n<p>Der Kraftstein ist liebevoll verpackt im einem selbstgen\u00e4hten S\u00e4ckchen aus Kunstleder mit Strasssteinchen beklebt und mit einer gestaltenden Schleife zusammen gebunden.<br \/>\nF\u00fcr die F\u00fchrung danke ich meinen Geistigen Helfer.<\/p>\n<p>Energieausgleich: 43 Euro<\/p>\n","protected":false},"excerpt":{"rendered":"<p>&nbsp; Kraftstein: Der wei\u00dfe Hirsch Ich bin der K\u00f6nig des Waldes und der Torh\u00fctter der Anderswelt. Ich trage die Sonne auf meinem Geweih und verbinde den Himmel mit der Erde. Ich bin der Tr\u00e4ger der Weisheit, zeige dir wie du auf deine innere Stimme h\u00f6ren kannst und wie du unterscheidest was dein Herz oder was [&hellip;]<\/p>\n","protected":false},"author":3,"featured_media":966,"comment_status":"closed","ping_status":"open","sticky":false,"template":"","format":"standard","meta":{"_et_pb_use_builder":"","_et_pb_old_content":"","_et_gb_content_width":""},"categories":[14],"tags":[],"_links":{"self":[{"href":"https:\/\/fabijennas-seeleninsel.de\/wordpress\/wp-json\/wp\/v2\/posts\/962"}],"collection":[{"href":"https:\/\/fabijennas-seeleninsel.de\/wordpress\/wp-json\/wp\/v2\/posts"}],"about":[{"href":"https:\/\/fabijennas-seeleninsel.de\/wordpress\/wp-json\/wp\/v2\/types\/post"}],"author":[{"embeddable":true,"href":"https:\/\/fabijennas-seeleninsel.de\/wordpress\/wp-json\/wp\/v2\/users\/3"}],"replies":[{"embeddable":true,"href":"https:\/\/fabijennas-seeleninsel.de\/wordpress\/wp-json\/wp\/v2\/comments?post=962"}],"version-history":[{"count":5,"href":"https:\/\/fabijennas-seeleninsel.de\/wordpress\/wp-json\/wp\/v2\/posts\/962\/revisions"}],"predecessor-version":[{"id":969,"href":"https:\/\/fabijennas-seeleninsel.de\/wordpress\/wp-json\/wp\/v2\/posts\/962\/revisions\/969"}],"wp:featuredmedia":[{"embeddable":true,"href":"https:\/\/fabijennas-seeleninsel.de\/wordpress\/wp-json\/wp\/v2\/media\/966"}],"wp:attachment":[{"href":"https:\/\/fabijennas-seeleninsel.de\/wordpress\/wp-json\/wp\/v2\/media?parent=962"}],"wp:term":[{"taxonomy":"category","embeddable":true,"href":"https:\/\/fabijennas-seeleninsel.de\/wordpress\/wp-json\/wp\/v2\/categories?post=962"},{"taxonomy":"post_tag","embeddable":true,"href":"https:\/\/fabijennas-seeleninsel.de\/wordpress\/wp-json\/wp\/v2\/tags?post=962"}],"curies":[{"name":"wp","href":"https:\/\/api.w.org\/{rel}","templated":true}]}}