{"id":998,"date":"2015-02-19T17:49:55","date_gmt":"2015-02-19T15:49:55","guid":{"rendered":"http:\/\/fabijennas-seeleninsel.de\/wordpress\/?p=998"},"modified":"2015-02-19T17:49:55","modified_gmt":"2015-02-19T15:49:55","slug":"universum-des-goettliche-samenkorns","status":"publish","type":"post","link":"https:\/\/fabijennas-seeleninsel.de\/wordpress\/universum-des-goettliche-samenkorns\/","title":{"rendered":"Universum des g\u00f6ttliche Samenkorns."},"content":{"rendered":"<p>&nbsp;<\/p>\n<p><a href=\"http:\/\/fabijennas-seeleninsel.de\/wordpress\/wp-content\/uploads\/2015\/02\/IMG_1700.jpg\"><img loading=\"lazy\" class=\"alignnone size-medium wp-image-999\" src=\"http:\/\/fabijennas-seeleninsel.de\/wordpress\/wp-content\/uploads\/2015\/02\/IMG_1700-487x480.jpg\" alt=\"IMG_1700\" width=\"487\" height=\"480\" srcset=\"https:\/\/fabijennas-seeleninsel.de\/wordpress\/wp-content\/uploads\/2015\/02\/IMG_1700-487x480.jpg 487w, https:\/\/fabijennas-seeleninsel.de\/wordpress\/wp-content\/uploads\/2015\/02\/IMG_1700-1024x1009.jpg 1024w, https:\/\/fabijennas-seeleninsel.de\/wordpress\/wp-content\/uploads\/2015\/02\/IMG_1700-96x96.jpg 96w, https:\/\/fabijennas-seeleninsel.de\/wordpress\/wp-content\/uploads\/2015\/02\/IMG_1700-60x60.jpg 60w, https:\/\/fabijennas-seeleninsel.de\/wordpress\/wp-content\/uploads\/2015\/02\/IMG_1700-800x788.jpg 800w, https:\/\/fabijennas-seeleninsel.de\/wordpress\/wp-content\/uploads\/2015\/02\/IMG_1700.jpg 1180w\" sizes=\"(max-width: 487px) 100vw, 487px\" \/><\/a> <a href=\"http:\/\/fabijennas-seeleninsel.de\/wordpress\/wp-content\/uploads\/2015\/02\/IMG_1711.jpg\"><img loading=\"lazy\" class=\"alignnone size-medium wp-image-1000\" src=\"http:\/\/fabijennas-seeleninsel.de\/wordpress\/wp-content\/uploads\/2015\/02\/IMG_1711-640x427.jpg\" alt=\"IMG_1711\" width=\"640\" height=\"427\" srcset=\"https:\/\/fabijennas-seeleninsel.de\/wordpress\/wp-content\/uploads\/2015\/02\/IMG_1711-640x427.jpg 640w, https:\/\/fabijennas-seeleninsel.de\/wordpress\/wp-content\/uploads\/2015\/02\/IMG_1711-1024x683.jpg 1024w, https:\/\/fabijennas-seeleninsel.de\/wordpress\/wp-content\/uploads\/2015\/02\/IMG_1711-140x94.jpg 140w, https:\/\/fabijennas-seeleninsel.de\/wordpress\/wp-content\/uploads\/2015\/02\/IMG_1711-800x533.jpg 800w, https:\/\/fabijennas-seeleninsel.de\/wordpress\/wp-content\/uploads\/2015\/02\/IMG_1711.jpg 1920w\" sizes=\"(max-width: 640px) 100vw, 640px\" \/><\/a> <a href=\"http:\/\/fabijennas-seeleninsel.de\/wordpress\/wp-content\/uploads\/2015\/02\/IMG_1715.jpg\"><img loading=\"lazy\" class=\"alignnone size-medium wp-image-1001\" src=\"http:\/\/fabijennas-seeleninsel.de\/wordpress\/wp-content\/uploads\/2015\/02\/IMG_1715-640x427.jpg\" alt=\"IMG_1715\" width=\"640\" height=\"427\" srcset=\"https:\/\/fabijennas-seeleninsel.de\/wordpress\/wp-content\/uploads\/2015\/02\/IMG_1715-640x427.jpg 640w, https:\/\/fabijennas-seeleninsel.de\/wordpress\/wp-content\/uploads\/2015\/02\/IMG_1715-1024x683.jpg 1024w, https:\/\/fabijennas-seeleninsel.de\/wordpress\/wp-content\/uploads\/2015\/02\/IMG_1715-140x94.jpg 140w, https:\/\/fabijennas-seeleninsel.de\/wordpress\/wp-content\/uploads\/2015\/02\/IMG_1715-800x533.jpg 800w, https:\/\/fabijennas-seeleninsel.de\/wordpress\/wp-content\/uploads\/2015\/02\/IMG_1715.jpg 1920w\" sizes=\"(max-width: 640px) 100vw, 640px\" \/><\/a> <a href=\"http:\/\/fabijennas-seeleninsel.de\/wordpress\/wp-content\/uploads\/2015\/02\/IMG_1718.jpg\"><img loading=\"lazy\" class=\"alignnone size-medium wp-image-1002\" src=\"http:\/\/fabijennas-seeleninsel.de\/wordpress\/wp-content\/uploads\/2015\/02\/IMG_1718-640x427.jpg\" alt=\"IMG_1718\" width=\"640\" height=\"427\" srcset=\"https:\/\/fabijennas-seeleninsel.de\/wordpress\/wp-content\/uploads\/2015\/02\/IMG_1718-640x427.jpg 640w, https:\/\/fabijennas-seeleninsel.de\/wordpress\/wp-content\/uploads\/2015\/02\/IMG_1718-1024x683.jpg 1024w, https:\/\/fabijennas-seeleninsel.de\/wordpress\/wp-content\/uploads\/2015\/02\/IMG_1718-140x94.jpg 140w, https:\/\/fabijennas-seeleninsel.de\/wordpress\/wp-content\/uploads\/2015\/02\/IMG_1718-800x533.jpg 800w, https:\/\/fabijennas-seeleninsel.de\/wordpress\/wp-content\/uploads\/2015\/02\/IMG_1718.jpg 1920w\" sizes=\"(max-width: 640px) 100vw, 640px\" \/><\/a><\/p>\n<p>Universumbild\/ Energie\/Kraftbild:Universum des g\u00f6ttliche Samenkorns.<\/p>\n<p>Gehe den Weg deines Herzens und auf jedem Platz und jedem Ort wo du stehen bleibst und ein wenig verweilen tust hinterlasse deine Spur der Liebe und Inspiration.<br \/>\nIn den Zeit als deine Seele bereit war sich auf dieser Erde zu inkarnieren, hast du in deine Hand einen Samenkorn bekommen der mit Liebe, Licht und viele Potenzialen eingehaucht war. Du hast den Samen in dein Herz eingepflanzt und mit dem was du dein Samenkorn n\u00e4hrst und gen\u00e4hrt hast tust du auch ernten. Es ist daf\u00fcr nie zu sp\u00e4t und du kannst deine Pflanze die aus diesem g\u00f6ttlichen Samenkorn w\u00e4chst weiter ern\u00e4hren mit deinen g\u00f6ttlichen Gaben und Ideen.<br \/>\nVergesse nicht auch ab und zu stehen zu bleiben,dir Pausen zu g\u00f6nnen damit die Pflanze auch Zeit hat zum gedeihen und zu wachsen.<br \/>\nDu wirst sehen das aus einer kleinen d\u00fcnnen Pflanze ein gro\u00dfer Baum wird der viele duftende und s\u00fc\u00dfe Fr\u00fcchte tr\u00e4gt.<br \/>\nBildgr\u00f6\u00dfe:80cmx80cm<\/p>\n<p>Material: Modeliermasse,Acrylfarben, Bergkristalle, Azuritstein,<\/p>\n<p>Der Bergkristall bringt Klarheit und spendet Vitalit\u00e4t.<\/p>\n<p>Azuritstein:Dieser Heilstein f\u00fchrt zur Offenbarung durch Aufl\u00f6sung von Pr\u00e4gungen aus der Vergangenheit und hilft, eigenes Denken zu entwickeln sowie das Selbstbewusstein zu st\u00e4rken.Azurit verst\u00e4rkt die spirituelle Entwicklung im Streben nach Erkenntnis und der Suche nach eigenen Erfahrungen.<\/p>\n<p>Energieausgleich \u00a0450 Euro<\/p>\n","protected":false},"excerpt":{"rendered":"<p>&nbsp; Universumbild\/ Energie\/Kraftbild:Universum des g\u00f6ttliche Samenkorns. Gehe den Weg deines Herzens und auf jedem Platz und jedem Ort wo du stehen bleibst und ein wenig verweilen tust hinterlasse deine Spur der Liebe und Inspiration. In den Zeit als deine Seele bereit war sich auf dieser Erde zu inkarnieren, hast du in deine Hand einen Samenkorn [&hellip;]<\/p>\n","protected":false},"author":3,"featured_media":999,"comment_status":"closed","ping_status":"open","sticky":false,"template":"","format":"standard","meta":{"_et_pb_use_builder":"","_et_pb_old_content":"","_et_gb_content_width":""},"categories":[13],"tags":[],"_links":{"self":[{"href":"https:\/\/fabijennas-seeleninsel.de\/wordpress\/wp-json\/wp\/v2\/posts\/998"}],"collection":[{"href":"https:\/\/fabijennas-seeleninsel.de\/wordpress\/wp-json\/wp\/v2\/posts"}],"about":[{"href":"https:\/\/fabijennas-seeleninsel.de\/wordpress\/wp-json\/wp\/v2\/types\/post"}],"author":[{"embeddable":true,"href":"https:\/\/fabijennas-seeleninsel.de\/wordpress\/wp-json\/wp\/v2\/users\/3"}],"replies":[{"embeddable":true,"href":"https:\/\/fabijennas-seeleninsel.de\/wordpress\/wp-json\/wp\/v2\/comments?post=998"}],"version-history":[{"count":1,"href":"https:\/\/fabijennas-seeleninsel.de\/wordpress\/wp-json\/wp\/v2\/posts\/998\/revisions"}],"predecessor-version":[{"id":1003,"href":"https:\/\/fabijennas-seeleninsel.de\/wordpress\/wp-json\/wp\/v2\/posts\/998\/revisions\/1003"}],"wp:featuredmedia":[{"embeddable":true,"href":"https:\/\/fabijennas-seeleninsel.de\/wordpress\/wp-json\/wp\/v2\/media\/999"}],"wp:attachment":[{"href":"https:\/\/fabijennas-seeleninsel.de\/wordpress\/wp-json\/wp\/v2\/media?parent=998"}],"wp:term":[{"taxonomy":"category","embeddable":true,"href":"https:\/\/fabijennas-seeleninsel.de\/wordpress\/wp-json\/wp\/v2\/categories?post=998"},{"taxonomy":"post_tag","embeddable":true,"href":"https:\/\/fabijennas-seeleninsel.de\/wordpress\/wp-json\/wp\/v2\/tags?post=998"}],"curies":[{"name":"wp","href":"https:\/\/api.w.org\/{rel}","templated":true}]}}